{"id":2738,"date":"2025-10-29T17:09:43","date_gmt":"2025-10-29T16:09:43","guid":{"rendered":"http:\/\/neue-zeit-magazin.de\/?p=2738"},"modified":"2025-10-29T17:09:43","modified_gmt":"2025-10-29T16:09:43","slug":"november-2025-energien-innere-und-aeussere-welten-multidimensionalitaet-versus-geerdet-seinzeitqualitaet","status":"publish","type":"post","link":"http:\/\/neue-zeit-magazin.de\/?p=2738","title":{"rendered":"November 2025-Energien, innere und \u00e4ussere Welten, Multidimensionalit\u00e4t versus geerdet sein&amp;Zeitqualit\u00e4t"},"content":{"rendered":"\n<h2 class=\"wp-block-heading\">Gabriele Sherina Astaria Schmitt<\/h2>\n\n\n\n<p>Ihr Lieben, wir n\u00e4hern uns mit schnellen Schritten dem Jahresende. Die Herbstst\u00fcrme und das bunte Kleid in der Natur haben Einzug gehalten.<\/p>\n\n\n\n<p>Unglaublich viele solare und stellare Informationen erreichen uns und Mutter Erde-die Multidimensionalit\u00e4t erwacht.<\/p>\n\n\n\n<p>Doch dies darf im Menschsein geschehen-tief gef\u00fchlt, nicht nur gewusst und gedacht.<\/p>\n\n\n\n<p>Denn ohne Abstieg in der Liebe im MenschSEIN gibt es\u00a0kein Erwachen im Licht der Seele im physischen K\u00f6rper.<\/p>\n\n\n\n<p>Das F\u00fchlen wird sensitiver und m\u00f6chte sich im gelebten Menschsein erfahren-geerdet und schwingend in mitf\u00fchlender Liebe und mitf\u00fchlender Selbstliebe. Wie sehr gestattest Du es Dir, wirklich zu f\u00fchlen, was in Dir gef\u00fchlt werden will? Und dies seit vielleicht langer Zeit?<\/p>\n\n\n\n<p>Das duldet ab der jetzigen Zeitqualit\u00e4t keinen Aufschub mehr. Denn 2026 betreten wir eine neue B\u00fchne-ein neuer Zyklus beginnt. Das Licht nimmt ungeachtet der \u00e4usseren Kr\u00e4fte Raum.<\/p>\n\n\n\n<p>Immer wieder wird davon gesprochen, dass das Alte keinen Bestand mehr hat, dass die alte Welt zerbricht und das Neue Raum nimmt-die neue, wunderbare Welt. Aber was sehen wir? Mehr denn je Chaos\u2026<\/p>\n\n\n\n<p>Dies war bei vielen Sternennationen so, bevor der Aufstieg geschah. Auch davon wird immer wieder gesprochen.<\/p>\n\n\n\n<p>Und es hiess einst in Schriften.\u201cEs wird einen neuen Himmel und eine neue Erde geben.\u201c<\/p>\n\n\n\n<p>Meiner Wahrnehnung nach entsteht der neue Himmel und die neue Erde in uns selbst:<\/p>\n\n\n\n<p>-Indem wir innerlich frei werden von den dichten Schichten des Egos und all den Prgrammen, welche dazwischen gespeichert sind<\/p>\n\n\n\n<p>-Indem wir, tief verbunden mit Gott der Quelle -welche sich in und durch uns reflektiert-, lernen zu leben. Und damit den tiefen inneren Trennungsschmerz heilen zu k\u00f6nnen und somit den Himmel in uns wieder f\u00fchlen lernen<\/p>\n\n\n\n<p>-Indem wir tief geerdet leben und in\u00a0gef\u00fchlter und gelebter Dankbarkeit Tag f\u00fcr Tag sind<\/p>\n\n\n\n<p>-Indem wir mitf\u00fchlende Liebe heilsam f\u00fcr uns selbst und andere gef\u00fchlt leben<\/p>\n\n\n\n<p>-Indem wir der Vergangenheit vergeben und sie mit Liebe und Akzeptanz fluten, finden wir Frieden im Hier und Jetzt- usw-dies alles liesse sich fortsetzen.<\/p>\n\n\n\n<p>So vereint sich Himmel und Erde in uns und dies reflektiert sich im Aussen.<\/p>\n\n\n\n<p>Auch wenn \u00e4ussere Ereignisse gar nicht ausgeschlossen sind, denn ich nehme Ersch\u00fctterungen wahr-tief verbunden mit Gott k\u00f6nnen wir die St\u00fcrme \u00fcberstehen.<\/p>\n\n\n\n<p>Nach wie vor nehme ich nicht wahr, dass es einen grossen Krieg geben wird, nehme aber viel Unruhe wahr im Aussen und auch bei vielen Menschen im Inneren.<\/p>\n\n\n\n<p>Es gilt mehr denn je, die R\u00fcckverbindung mit der inneren Lichtquelle wieder zu leben-daraus entsteht das gef\u00fchlte ICH BIN Bewusstsein-dies verst\u00e4rkt die Lebenskraft.<\/p>\n\n\n\n<p>Die Themen der unteren Chakren und der unteren Auraschichten \u2013 (besonders Mentalk\u00f6rper und Emotionalk\u00f6rper)- werden sich mehr denn je zeigen in den kommenden Zeiten.<\/p>\n\n\n\n<p>Umso gereinigter die inneren R\u00e4ume sind und sie\u00a0dadurch frei schwingen k\u00f6nnen, umso mehr Licht kann aufgenommen werden.<\/p>\n\n\n\n<p>Dadurch entsteht automatisch eine gef\u00fchlte Stabilit\u00e4t. Und auch eine st\u00e4rkere Erdung, denn wir k\u00f6nnen mit unserem Licht im physischen K\u00f6rper ankommen-statt uns in die oberen Chakren zur\u00fcckzuziehen\u2026<\/p>\n\n\n\n<p>3 Kometen sind unterwegs derzeit unter anderem auch der 3I Atlas, von welchem viel gesprochen wird- und welchen ich in meiner Wahrnehmung als ein lichtvoll-sternencodiertes Bewusstseinshabitat sehe. Ich nehme eine neue Lichtsignatur wahr, welche er bringt und dadurch unterst\u00fctzend wirkt f\u00fcr uns und Mutter Erde- um das Bewusstsein f\u00fcr die Multidimensionalit\u00e4t zu \u00f6ffnen. Bei vielen Menschen ist es noch sehr verschlossen diesbez\u00fcglich.<\/p>\n\n\n\n<p>Die Sonnanaktivit\u00e4ten werden sich verst\u00e4rken und neue solare Codes, welche die Lichtenergie verdichtet auf Erden, werden ausgesch\u00fcttet \u2013 codiert mit den Informationen aus der Muttersonne. Somit gewinnt die geheilte weibliche Kraft mehr Raum.<\/p>\n\n\n\n<p>Innerliche \u00d6ffnung f\u00fcr das EINSSEIN\u00a0wird auf der hochschwingenden Energiefrequenz f\u00fchlbar, auf der niederschwingenden Frequenz verst\u00e4rkt sich das Chaos.<\/p>\n\n\n\n<p>Welche Frequenz w\u00e4hlst Du? Du kannst jederzeit die Energiefrequenz in welcher Du Dich bewusstseinsm\u00e4ssig\u00a0befindest w\u00e4hlen. Nehme gerne dazu auch die Skala von Dr. Hawkins zur Hand, um Dich dabei zu unterst\u00fctzen. Denn das Gef\u00fchl und auch die Energieschwingung ist eine andere im Groll zu sein oder in der Dankbarkeit (dies nur als Beispiel).<\/p>\n\n\n\n<p>Wir sind hier, weil wir es einst als Seelen beschlossen haben, wir wussten auch, dass es nicht leicht sein wird\u2026<\/p>\n\n\n\n<p>Und es wird Zeit, die innerliche Trennung zwischen den Welten aufzul\u00f6sen- auch dazu begleite ich in Webseminare in kleineren Gruppen: Reinigung, Stabilisierung, Vertrauen als energetische Grundlage (dies ist z. B das Webinarthema heute Abend), Energieerh\u00f6hung, energetische Behandlungen im physischen K\u00f6rper, multidimensionale Lichtreisen mit der lichtvollen Geistigen Welt- um zu unterst\u00fctzen das\u00a0gef\u00fchlt begreifendes Voranschreiten hin zu unserer g\u00f6ttlichen Essenz -welche immer mehr gelebt werden will bis in den physischen K\u00f6rper.<\/p>\n\n\n\n<p>Energetisches Wirken an Dir selbst erleichtert Deinen Alltag und wird immer wichtiger, denn wir sind viel mehr Energie als physischer K\u00f6rper.<\/p>\n\n\n\n<p>Der K\u00f6rper ist Teil von uns als inkarnierte Seele und der braucht in den kommenden Zeiten noch mehr Aufmerksamkeit:<\/p>\n\n\n\n<p>Nicht nur Entgiftung auf physischer Ebene, sondern heilsames energetisches Wirken im Zellimprint. Denn auch dort befinden sich viele alte Programmierungen, welche erschweren und Erinnerungen-alles wird gespeichert, nichts geht verloren.<\/p>\n\n\n\n<p>Klar auch Bewegung, Natur, Gute Nahrung, reines Wasser zum Beispiel.<\/p>\n\n\n\n<p>Durch das lichtvoll-energetische Wirken im physischen K\u00f6rper k\u00f6nnen wir uralte Themen l\u00f6sen.<\/p>\n\n\n\n<p>Leben und Tod-Diesseits und Jenseits-auch hier begleite ich:<\/p>\n\n\n\n<p>Nicht nur aus eigener Erfahrung, sondern auch als Medium, um zu unterst\u00fctzen auf dem Weg der \u00dcberwindung der inneren (illsusorischen und dennoch schmerzhaften) Trennung von Diesseits und Jenseits.<\/p>\n\n\n\n<p>Es wird Zeit, dass sich die Illusionen aufl\u00f6sen, denn die neue Zeit ist die Zeit der Wahrheit-in uns und auch auf der Weltenb\u00fchne. Hier verst\u00e4rkt sich das Chaos noch -und umso mehr Chaos im Aussen, umso ruhiger d\u00fcrfen wir im Inneren werden im gef\u00fchlt-gelebten Vertrauen und in der Verbinung mit Gott der Quelle des Lichtes in uns.<\/p>\n\n\n\n<p>Und auch hier gilt, dass es nicht mehr geht um \u201eaber ich sage Euch\u201c, sondern dies auch zu leben und zu f\u00fchlen was man weitergibt-denn gelebte Authentizit\u00e4t wird immer wichtiger.<\/p>\n\n\n\n<p>Auch das Miteinander wird immer wertvoller gerade im Zeitalter der KI-welche immer mehr Raum einnehmen wird-wir k\u00f6nnen dazu nur noch mehr in unserem Liebeslicht Raum nehmem und auch in physischen Begegnungen.<\/p>\n\n\n\n<p>\u201eWir sind Viele\u201c und die Liebe bl\u00fcht im Licht unserer Seele im gelebten MenschSEIN auf.<\/p>\n\n\n\n<p>Herzenssegen<\/p>\n\n\n\n<p>Gabriele Sherina<\/p>\n\n\n\n<p>F\u00fchle Dich herzlich eingeladen Dich auf meiner Website umzuschauen-dort findest Du auch Informationen \u00fcber mein Wirken live:<\/p>\n\n\n\n<p>www.gabriele-schmitt-sternenkraft.de<\/p>\n\n\n\n<p>Laufende lichtvolle Begleitung mit kurzen Sprachnachrichten oder schriftliche Kurznachrichten \u00fcber meinen Telegramkanal:<\/p>\n\n\n\n<p><a href=\"https:\/\/t.me\/sternensegen\"><strong>https:\/\/t.me\/sternensegen<\/strong><\/a><\/p>\n\n\n\n<p>Du m\u00f6chtest mehr tun?<\/p>\n\n\n\n<p>Dazu biete ich Dir Webinare, in kleinerer Gruppe, zur lichtvollen Begleitung im f\u00fcr uns alle sp\u00fcrbaren Wandel- mit Themen, die der Zeitqualit\u00e4t angepasst sind und welche aus dem Leben gegriffen sind -liebevoll gef\u00fchrt durch die lichtvolle Geistige Welt.<\/p>\n\n\n\n<p><a href=\"https:\/\/www.sofengo.de\/academy\/gabriele.schmitt\"><strong>https:\/\/www.sofengo.de\/academy\/gabriele.schmitt<\/strong><\/a><\/p>\n\n\n\n<p>Ich freue mich auf Dich&#x2665;<\/p>\n\n\n\n<p><\/p>\n","protected":false},"excerpt":{"rendered":"<p>Gabriele Sherina Astaria Schmitt Ihr Lieben, wir n\u00e4hern uns mit schnellen Schritten dem Jahresende. Die Herbstst\u00fcrme und das bunte Kleid in der Natur haben Einzug [&hellip;] <span class=\"read-more-link\"><a class=\"read-more\" href=\"http:\/\/neue-zeit-magazin.de\/?p=2738\">Read More<\/a><\/span><\/p>\n","protected":false},"author":2,"featured_media":2577,"comment_status":"closed","ping_status":"closed","sticky":false,"template":"","format":"standard","meta":{"footnotes":""},"categories":[2],"tags":[],"class_list":["post-2738","post","type-post","status-publish","format-standard","has-post-thumbnail","hentry","category-aktuelles"],"_links":{"self":[{"href":"http:\/\/neue-zeit-magazin.de\/index.php?rest_route=\/wp\/v2\/posts\/2738","targetHints":{"allow":["GET"]}}],"collection":[{"href":"http:\/\/neue-zeit-magazin.de\/index.php?rest_route=\/wp\/v2\/posts"}],"about":[{"href":"http:\/\/neue-zeit-magazin.de\/index.php?rest_route=\/wp\/v2\/types\/post"}],"author":[{"embeddable":true,"href":"http:\/\/neue-zeit-magazin.de\/index.php?rest_route=\/wp\/v2\/users\/2"}],"replies":[{"embeddable":true,"href":"http:\/\/neue-zeit-magazin.de\/index.php?rest_route=%2Fwp%2Fv2%2Fcomments&post=2738"}],"version-history":[{"count":1,"href":"http:\/\/neue-zeit-magazin.de\/index.php?rest_route=\/wp\/v2\/posts\/2738\/revisions"}],"predecessor-version":[{"id":2739,"href":"http:\/\/neue-zeit-magazin.de\/index.php?rest_route=\/wp\/v2\/posts\/2738\/revisions\/2739"}],"wp:featuredmedia":[{"embeddable":true,"href":"http:\/\/neue-zeit-magazin.de\/index.php?rest_route=\/wp\/v2\/media\/2577"}],"wp:attachment":[{"href":"http:\/\/neue-zeit-magazin.de\/index.php?rest_route=%2Fwp%2Fv2%2Fmedia&parent=2738"}],"wp:term":[{"taxonomy":"category","embeddable":true,"href":"http:\/\/neue-zeit-magazin.de\/index.php?rest_route=%2Fwp%2Fv2%2Fcategories&post=2738"},{"taxonomy":"post_tag","embeddable":true,"href":"http:\/\/neue-zeit-magazin.de\/index.php?rest_route=%2Fwp%2Fv2%2Ftags&post=2738"}],"curies":[{"name":"wp","href":"https:\/\/api.w.org\/{rel}","templated":true}]}}