{"id":2677,"date":"2025-07-15T14:22:23","date_gmt":"2025-07-15T13:22:23","guid":{"rendered":"http:\/\/neue-zeit-magazin.de\/?p=2677"},"modified":"2025-07-15T14:22:23","modified_gmt":"2025-07-15T13:22:23","slug":"ein-intensiver-sommer-2025-karmische-themender-physische-koerperenergielosigkeit-versus-lichtkraft","status":"publish","type":"post","link":"http:\/\/neue-zeit-magazin.de\/?p=2677","title":{"rendered":"Ein intensiver Sommer 2025-karmische Themen&amp;der physische K\u00f6rper&amp;Energielosigkeit versus Lichtkraft"},"content":{"rendered":"\n<h2 class=\"wp-block-heading\">Gabriele Sherina Astaria Schmitt<\/h2>\n\n\n\n<p>Wie f\u00fchlst Du dich derzeit? In dieser Zeit in welcher ein Thema nach dem anderen sich zeigt um ein f\u00fcr allemal gel\u00f6st zu werden? In dieser Zeit in welcher wundersame Erf\u00fcllung m\u00f6glich ist und dennoch manchmal innere Leere und grosse Ersch\u00f6pfung f\u00fchlbar ist an manchen Tagen?<\/p>\n\n\n\n<p>Intensive Frequenzen sind im Feld-viel Licht und dennoch viel Schatten-denn wo Licht ist, ist auch Schatten. In dieser Zeit haben wir mehr denn je die M\u00f6glichkeit dem Schatten innerlich zu begegnen um ihn in uns zu erl\u00f6sen und den dazugeh\u00f6rigen tiefen inneren Konflikt\u00a0zu heilen. Gerade in dieser dritten Juliwoche bekommen wir grosse kosmische Unterst\u00fctzung um karmische Themen zu l\u00f6sen- ein f\u00fcr allemal mit Themen welche sich immer wieder wiederholen abzuschliessen.<\/p>\n\n\n\n<p>Ich habe dazu meinen Impulsen folgend ein online-Wirken in meiner online-Akademie f\u00fcr Donnerstag 17.07. eingestellt-Du findest den Link weiter unten wenn Du den Ruf versp\u00fcrst.<\/p>\n\n\n\n<p>F\u00fchlst Du den inneren Ruf f\u00fcr Dich einzustehen f\u00fcr Deine Bed\u00fcrfnisse, Dich in Deiner Einzigartigkeit auf Erden auszudr\u00fccken? Dies sind Themen des lnneren Kindes und auch hier ist in dieser Zeitqualit\u00e4t verst\u00e4rkt\u00a0Heilung des inneren Kindes m\u00f6glich. Sprich innerlich ein Ja zu Dir aus wenn Du es f\u00fchlst und stehe dazu-zu dem was Du f\u00fchlst, zu dem was sich Dir von Innen heraus zeigt-es m\u00f6chte gef\u00fchlt und durchliebt werden\u2026<\/p>\n\n\n\n<p>Denn das F\u00fchlen ist ein wichtiger Kompass und ein wichtiges Tor in die innere Freiheit. Du kannst Dich selbst in dieser oft gef\u00fchlt herausfordernden Zeit neu erschaffen um Dein Licht leuchten zu lassen von Innen heraus um Dich selbst zu w\u00e4rmen und auch f\u00fcr andere aus dem mitf\u00fchlenden Herzen wirklich da zu sein.<\/p>\n\n\n\n<p>Ganz wichtig ist es auch auf Deinen physischen K\u00f6rper zu achten und auf dessen Bed\u00fcrfnisse &#8211; mehr denn je ben\u00f6tigen die Zellen positiv informiertes Wasser und einen guten Heilfokus Deinerseits.<\/p>\n\n\n\n<p>Die derzeit immer wieder gef\u00fchlte Energielosigkeit und \u00dcberforderung kommt nicht nur von der Neuanpassung unserer DNA- welche sich in der Doppelhelix mehr und mehr reinigt von den Informationen der dualistischen Matrix und beginnt sich zu erinnern an die Multidimensionalit\u00e4t-sondern auch von den inneren R\u00e4ume welche teils noch mit schweren Energien und schmerzhaften Erinnerungen gef\u00fcllt sind. Auch hier ist Bereinigung wichtig \u2013 nicht nur als energetische Reinigung sondern als lichtvolle Tiefenarbeit.<\/p>\n\n\n\n<p>Alles in Allem unterst\u00fctzt uns unsere innere Ausrichtung auf das G\u00f6ttliche in uns und die tiefe Verbindung zu Gott der ewigen Lichtquelle der Liebe.<\/p>\n\n\n\n<p>Viel Segen und Liebe m\u00f6gen Dich\u00a0begleiten.<\/p>\n\n\n\n<p>Herzlichst<\/p>\n\n\n\n<p>Gabriele Sherina<\/p>\n\n\n\n<p><a href=\"https:\/\/www.sofengo.de\/academy\/gabriele.schmitt\"><strong>https:\/\/www.sofengo.de\/academy\/gabriele.schmitt<\/strong><\/a><\/p>\n\n\n\n<p><\/p>\n","protected":false},"excerpt":{"rendered":"<p>Gabriele Sherina Astaria Schmitt Wie f\u00fchlst Du dich derzeit? In dieser Zeit in welcher ein Thema nach dem anderen sich zeigt um ein f\u00fcr allemal [&hellip;] <span class=\"read-more-link\"><a class=\"read-more\" href=\"http:\/\/neue-zeit-magazin.de\/?p=2677\">Read More<\/a><\/span><\/p>\n","protected":false},"author":2,"featured_media":2577,"comment_status":"closed","ping_status":"closed","sticky":false,"template":"","format":"standard","meta":{"footnotes":""},"categories":[2],"tags":[],"class_list":["post-2677","post","type-post","status-publish","format-standard","has-post-thumbnail","hentry","category-aktuelles"],"_links":{"self":[{"href":"http:\/\/neue-zeit-magazin.de\/index.php?rest_route=\/wp\/v2\/posts\/2677","targetHints":{"allow":["GET"]}}],"collection":[{"href":"http:\/\/neue-zeit-magazin.de\/index.php?rest_route=\/wp\/v2\/posts"}],"about":[{"href":"http:\/\/neue-zeit-magazin.de\/index.php?rest_route=\/wp\/v2\/types\/post"}],"author":[{"embeddable":true,"href":"http:\/\/neue-zeit-magazin.de\/index.php?rest_route=\/wp\/v2\/users\/2"}],"replies":[{"embeddable":true,"href":"http:\/\/neue-zeit-magazin.de\/index.php?rest_route=%2Fwp%2Fv2%2Fcomments&post=2677"}],"version-history":[{"count":1,"href":"http:\/\/neue-zeit-magazin.de\/index.php?rest_route=\/wp\/v2\/posts\/2677\/revisions"}],"predecessor-version":[{"id":2678,"href":"http:\/\/neue-zeit-magazin.de\/index.php?rest_route=\/wp\/v2\/posts\/2677\/revisions\/2678"}],"wp:featuredmedia":[{"embeddable":true,"href":"http:\/\/neue-zeit-magazin.de\/index.php?rest_route=\/wp\/v2\/media\/2577"}],"wp:attachment":[{"href":"http:\/\/neue-zeit-magazin.de\/index.php?rest_route=%2Fwp%2Fv2%2Fmedia&parent=2677"}],"wp:term":[{"taxonomy":"category","embeddable":true,"href":"http:\/\/neue-zeit-magazin.de\/index.php?rest_route=%2Fwp%2Fv2%2Fcategories&post=2677"},{"taxonomy":"post_tag","embeddable":true,"href":"http:\/\/neue-zeit-magazin.de\/index.php?rest_route=%2Fwp%2Fv2%2Ftags&post=2677"}],"curies":[{"name":"wp","href":"https:\/\/api.w.org\/{rel}","templated":true}]}}