{"id":2670,"date":"2025-06-14T11:28:15","date_gmt":"2025-06-14T10:28:15","guid":{"rendered":"http:\/\/neue-zeit-magazin.de\/?p=2670"},"modified":"2025-06-14T11:32:46","modified_gmt":"2025-06-14T10:32:46","slug":"energetische-grosswetterlage-europas-meine-sichtung","status":"publish","type":"post","link":"http:\/\/neue-zeit-magazin.de\/?p=2670","title":{"rendered":"Energetische \u201eGro\u00dfwetterlage\u201c Europas\u2026. meine \u201eSichtung\u201c"},"content":{"rendered":"\n<h2 class=\"wp-block-heading\">Monika Hagn<\/h2>\n\n\n\n<p>Einen wundervollen guten Morgen liebe Seelen und Leser meines Blogs,<\/p>\n\n\n\n<p>nach langer Zeit habe ich mich heute dazu entschlossen, die geistige Welt um ein aktuelles energetisches Bild Europas zu fragen. Nachdem ich mich mit meinem h\u00f6heren Selbst und der Urquelle des wei\u00dfen Lichts verbunden habe, gab ich die Frage nach \u201eOben\u201c, wie es energetische gerade mit Europa \u201esteht\u201c.<\/p>\n\n\n\n<p>Ich ging also in eine Meditation und durch ein wundersch\u00f6nes Portal, das ich mit einem Schl\u00fcssel aufsperren musste. Diesen bekam ich zuvor von einem sehr lichtvollen Geistwesen in die Hand gedr\u00fcckt. Nach meinem Durchschreiten wurde ich nach Rechts auf einen sehr schmalen Weg gef\u00fchrt und als w\u00fcrde ich auf einem fahrbaren Untersatz sitzen, in Windungen nach oben vorw\u00e4rts geschoben bis zu einem kleinen Gipfelplateau auf dem ich Platz nehmen sollte. Dort mitten in den Bergen wurde ich von einer Art fliegendem Teppich abgeholt, der mich hoch hinauf in die oberen Schichten der Erdatmosph\u00e4re f\u00fchrte und von wo aus mein Blick zun\u00e4chst nach Spanien ging.<\/p>\n\n\n\n<p>Von oben sah es so aus, als w\u00fcrde Spanien brennen. Ein tiefes Rot-Orange-Spektakel lie\u00df mich verwundert dem Geschehen zusehen. Ich fragte, was dies bedeuten solle und bekam zur Antwort, dass in Spanien die Gem\u00fcter extrem erhitzt sind und die politische Lage (vor allem hervorgerufen durch dort sitzende entsprechende Aktion\u00e4re) sich immer mehr zuspitzt. Die Emotionen sind mehr au\u00dfer Kontrolle als es gut w\u00e4re, hie\u00df es dazu. Pl\u00f6tzlich n\u00e4herte sich vom Meer her eine riesige Tsunamiwelle, die \u00fcber das Land brach und die Flammen mit einem gro\u00dfen Zischen l\u00f6schte. Es war als h\u00e4tte man \u00fcber einem Lagerfeuer einen gro\u00dfen K\u00fcbel Wasser ausgesch\u00fcttet so da\u00df nur noch der Rauch der ehemaligen Flammen sichtbar war. Mir wurde daraufhin als Erkl\u00e4rung mitgeteilt, dass die lichten Kr\u00e4fte eine energetische \u201eL\u00f6schung \u201c dieser beabsichtigten Flammen vorgenommen h\u00e4tten und damit eine zu intensive Eskalation verhindert wird.<\/p>\n\n\n\n<p>Als n\u00e4chstes f\u00fchrte mein Blick nach Frankreich, \u00fcber dem eine dicke dunkelgraue Wolke (mehr ins Schwarze gehend) lag. Sie war sehr undurchdringlich und f\u00fchlte sich wie eine starke Verdichtung schwerer Energie an. Kein Blick war durch diese Decke hindurch m\u00f6glich. Mehr konnte ich nicht wahrnehmen. Frankreich scheint sehr unter Druck zu stehen und noch im Einflu\u00df niederer Energien. \u00dcber den Niederlanden hingegen, wo es mich im Anschlu\u00df hinzog, war die Wolkendecke schon sehr viel gelichteter und weit heller, eher mehr einem Dunst gleich, durchzogen mit gr\u00f6\u00dferen L\u00fccken dazwischen. Jedoch wurde mir dazu keine weitere Erkl\u00e4rung gegeben.<\/p>\n\n\n\n<p>Interessant war allerdings, was sich mir im n\u00e4chsten Schritt f\u00fcr Deutschland zeigte. Deutschland \u00fcberspannte ebenfalls eine dichte, graue Wolkendecke, die unterbrochen war durch seltsame gro\u00dffl\u00e4chige hell strahlende L\u00f6cher. So als w\u00fcrde vom Erdboden her ein riesengro\u00dfer Scheinwerfer nach oben strahlen, bzw. damit L\u00f6cher in die Decke gebrochen. Diese L\u00f6cher waren \u00fcber ganz Deutschland verteilt, eines in der Mitte, das d\u00fcrfte ca. in Hessen zu verorten sein. Eines im S\u00fcdwesten Richtung Bodensee, eines eher im S\u00fcdosten in Richtunge Salzburg (ich nahm die Energie des Untersberges wahr) und eines an der K\u00fcste ca. westlich von Hamburg. Rundum Deutschland herum nahm ich eine Mauer aus gro\u00dfen gehauenen Steinen wahr, die aussahen wie die Umfriedung eine gro\u00dfen Burg aus dem Mittelalter. Nach Norden hin war die Mauer wesentlich h\u00f6her als in Richtung S\u00fcden und ab der Mittel Deutschlands im Osten wie im Westen, fiel sie immer mehr in sich zusammen, so als ob sie mit \u00e4u\u00dferer Gewalt zertr\u00fcmmert worden w\u00e4re. Gleichzeitig nahm ich sehr viele alte Gesch\u00fctze (Kanonen) war. Es sah wirklich aus wie Kanonen, nicht wie modernes Kriegsged\u00f6ns. Dieses Bild hat mich verwundert ebenso wie auch etwas verwirrt und ich wollte wissen, was dies zu bedeuten hat. Die Antwort war ein weiteres symbolhaftes Bild, das die Kanonen zeigte, wie sie von Innen, also von Deutschland selbst gegen diese Mauern geschossen wurden. Alles fand wesentlich mehr im S\u00fcden als im Norden statt. Ebenfalls sah ich zu gleicher Zeit unter Deutschland einen gewaltigen Vulkan brodeln, der aber von der geistigen Welt als \u201eenergetisch-mentaler Kraft-Vulkan\u201c beschrieben wurde. Es brodelt sozusagen in der \u201edeutschen Seele\u201c, die immer noch sehr und das ganz bewusst von bestimmter Seite, gedeckelt gehalten wird. Doch die Lava steigt mehr und mehr nach oben und hat bereits fast die Oberfl\u00e4che erreicht. Dies passt mit dem Bild der Kanonen sehr gut zusammen, da die geistige Welt mir zeigte, dass immer mehr sich ihrer Kraft und alten Wurzeln, die im deutschen Volk besonders stark ausgepr\u00e4gt sind, erinnern, diese ausgraben und ihre Kraft gezielt nun zeigen. Ein Freiheitsgef\u00fchl wird nun \u00fcberm\u00e4chtig gro\u00df werden und sich ein Ventil suchen wollen. Was sich mir zeigte, waren symbolhafte Bilder und haben nichts mit einem Krieg oder kriegerischen Auseinandersetzungen, B\u00fcrgerkrieg etc. zu tun. Jedoch kann es gut sein, dass sich jetzt immer mehr klare und pr\u00e4zise Aktionen zeigen, weil das System nicht mehr geduldet und von innen her aufgebrochen wird. Die Hilfe kommt nicht von Au\u00dfen, sondern es implodiert sozusagen von Innen, was auch wiederum die Kanonen und die niedereren Mauern um S\u00fcddeutschland herum erkl\u00e4ren w\u00fcrde. So geht meines Erachtens eine Welle der Befreiung von S\u00fcd nach Nord.<\/p>\n\n\n\n<p>\u00d6sterreich war mir zun\u00e4chst nicht zug\u00e4nglich, soda\u00df ich dann mit meinem Blick in die Schweiz gewechselt bin. Dort bot sich mir ein recht seltsamer Anblick. Ein riesengro\u00dfes Wesen hatte sich quer durch die Schweiz hin niedergelassen und kniete zusammengekauert wie aus einem Vierf\u00fc\u00dflerstand heraus nahe am Boden. Die Knie unter den Bauch gezogen, den Kopf ganz am Boden und unter den Armen versteckt, wie zum Schutz eingezogen. Die geistige Welt meinte dazu, dass die Schweiz sich gerne \u201eherausnehmen\u201c m\u00f6chte und eine Energie von \u201eVogelstrau\u00dftechnik\u201c aussende. Sozusagen, \u201eich m\u00f6chte nicht gesehen werden, verstecke mich, dann sieht mich auch niemand\u201c. Die Schweiz scheint also weiter in einer Art Neutralit\u00e4t verstrickt zu sein, ohne sich direkt am Geschehen des Aufwachsens beteiligen zu wollen bzw. das Gef\u00fchl zu haben, uns sind die H\u00e4nde ja sowieso gebunden, was k\u00f6nnen wir schon tun. Der Kelch wird schon vorbeigehen, wenn wir so tun, als w\u00e4re er gar nicht da.<\/p>\n\n\n\n<p>Alles zusammengenommen ergibt sich der Eindruck, als w\u00fcrde Deutschland in seine Vorreiterrolle hineingedr\u00e4ngt und in seiner Handlungsf\u00e4higkeit vorw\u00e4rtsgedr\u00fcckt werden. \u00d6sterreich wei\u00df noch nicht so ganz, wie, wo und wann es nun weitergehen soll und f\u00fchlt sich im zweiten nachrangigen Blick sehr melancholisch an, wie von Trauer \u00fcberrannt. Es f\u00fchlte sich an wie erstarrt und scheint nun eine Auftauphase zu brauchen, nach der es Deutschland die Hand reichen kann und dies auch sicher tun wird. Erwacht aus einer Art Schockstarre, weil es nicht mit so gro\u00dfen Herausforderungen gerechnet hat.<\/p>\n\n\n\n<p>Unterm Strich stehen wir also anscheinend kurz vor dem Hochgehen des Dampfkessels, der allerdings der gro\u00dfen Befreiung dienlich sein wird und sich die Wolken definitiv lichten werden.<\/p>\n\n\n\n<p>Ach ja\u2026. nicht dass ich es vergesse\u2026. Tschechien war durch eine sehr klare Grenze dokumentiert und zeigte sich relativ frei von Wolken und in einer recht klaren und eher lichtvollen, freien Energie, ebenso wie Rum\u00e4nien, Polen und die angrenzenden \u00f6stlichen L\u00e4nder, die ich dann wiederum nicht mehr so klar erkennen konnte. Hiervon ging eher eine Energie des Raumhaltens aus, so als ob hier eine gewisse Art von R\u00fcckendeckung zu erwarten sein k\u00f6nnte, was ich sehr spannend fand.<\/p>\n\n\n\n<p>Mehr konnte ich heute zur aktuellen Energie nicht erfragen. Und ich bitte euch, alle Informationen mit eurem Herzens abzugleichen, ob sie f\u00fcr euch stimmig erscheinen oder nicht. Glaubt nichts und niemandem, auch nicht mir, es sei denn, ihr geht mit eurer Herzenergie damit in Resonanz.<\/p>\n\n\n\n<p>Von Herzen alles Liebe<\/p>\n\n\n\n<p>euer Seelenschmetterling<\/p>\n\n\n\n<p>wenn ihr mein Tun gerne mit einem Geschenk unterst\u00fctzen m\u00f6chtet, wor\u00fcber ich mich sehr freue, findet ihr <a href=\"https:\/\/paypal.me\/Sternenlicht123?country.x=DE&amp;locale.x=de_DE\">HIER den Link zu meinem Kaffeetopf<\/a><\/p>\n\n\n\n<p><\/p>\n","protected":false},"excerpt":{"rendered":"<p>Monika Hagn Einen wundervollen guten Morgen liebe Seelen und Leser meines Blogs, nach langer Zeit habe ich mich heute dazu entschlossen, die geistige Welt um [&hellip;] <span class=\"read-more-link\"><a class=\"read-more\" href=\"http:\/\/neue-zeit-magazin.de\/?p=2670\">Read More<\/a><\/span><\/p>\n","protected":false},"author":2,"featured_media":2671,"comment_status":"closed","ping_status":"closed","sticky":false,"template":"","format":"standard","meta":{"footnotes":""},"categories":[2],"tags":[],"class_list":["post-2670","post","type-post","status-publish","format-standard","has-post-thumbnail","hentry","category-aktuelles"],"_links":{"self":[{"href":"http:\/\/neue-zeit-magazin.de\/index.php?rest_route=\/wp\/v2\/posts\/2670","targetHints":{"allow":["GET"]}}],"collection":[{"href":"http:\/\/neue-zeit-magazin.de\/index.php?rest_route=\/wp\/v2\/posts"}],"about":[{"href":"http:\/\/neue-zeit-magazin.de\/index.php?rest_route=\/wp\/v2\/types\/post"}],"author":[{"embeddable":true,"href":"http:\/\/neue-zeit-magazin.de\/index.php?rest_route=\/wp\/v2\/users\/2"}],"replies":[{"embeddable":true,"href":"http:\/\/neue-zeit-magazin.de\/index.php?rest_route=%2Fwp%2Fv2%2Fcomments&post=2670"}],"version-history":[{"count":4,"href":"http:\/\/neue-zeit-magazin.de\/index.php?rest_route=\/wp\/v2\/posts\/2670\/revisions"}],"predecessor-version":[{"id":2675,"href":"http:\/\/neue-zeit-magazin.de\/index.php?rest_route=\/wp\/v2\/posts\/2670\/revisions\/2675"}],"wp:featuredmedia":[{"embeddable":true,"href":"http:\/\/neue-zeit-magazin.de\/index.php?rest_route=\/wp\/v2\/media\/2671"}],"wp:attachment":[{"href":"http:\/\/neue-zeit-magazin.de\/index.php?rest_route=%2Fwp%2Fv2%2Fmedia&parent=2670"}],"wp:term":[{"taxonomy":"category","embeddable":true,"href":"http:\/\/neue-zeit-magazin.de\/index.php?rest_route=%2Fwp%2Fv2%2Fcategories&post=2670"},{"taxonomy":"post_tag","embeddable":true,"href":"http:\/\/neue-zeit-magazin.de\/index.php?rest_route=%2Fwp%2Fv2%2Ftags&post=2670"}],"curies":[{"name":"wp","href":"https:\/\/api.w.org\/{rel}","templated":true}]}}