{"id":2644,"date":"2025-03-06T09:24:14","date_gmt":"2025-03-06T08:24:14","guid":{"rendered":"http:\/\/neue-zeit-magazin.de\/?p=2644"},"modified":"2025-03-06T12:44:33","modified_gmt":"2025-03-06T11:44:33","slug":"unbeschreibliche-energieanhebungen","status":"publish","type":"post","link":"http:\/\/neue-zeit-magazin.de\/?p=2644","title":{"rendered":"Unbeschreibliche Energieanhebungen"},"content":{"rendered":"\n<h2 class=\"wp-block-heading\">Monika Hagn<\/h2>\n\n\n\n<p>Was f\u00fcr unbeschreiblich intensive Energien uns wieder seit einigen Stunden erreichen und alles nicht nur durcheinanderwirbeln, wie wir es ja schon seit l\u00e4ngerem kennen. Sondern kurz und knapp geradezu auf den Kopf stellen, was wir immer noch f\u00fcr stabil und kontrollierbar gehalten hatten.<\/p>\n\n\n\n<p>Wenn ich da mal in einem Anflug von Ironie dachte, es ginge nicht noch steiler bergan, dann muss ich das jetzt auf jeden Fall revidieren. Es geht\u2026\u2026 und wie es geht. Diese Ereignisdichte einerseits aber auch die im Gleichzug dazu auftretenden kosmischen Energieflutungen sind mit keinen Worten zu beschreiben, die der Verstand kennt. Diesem Umstand ist eine durch die Bank wahrnehmbare instabile Seelen- und K\u00f6rperlage zu verdanken.<\/p>\n\n\n\n<p>Jeden Tag kommen irgendwelche F\u00fchl-Wahrnehmungen (meine Wortkreation dazu) herein geflattert, die wir weder in irgendwelche Kategorien noch in Schubladen oder Erinnerungen einordnen k\u00f6nnen. Wir sind vor einiger Zeit gef\u00fchlt zu einem k\u00f6rperlich-seelisch-geistigen Parabelflug gestartet, mutig und voller Vorfreude auf das, was wir hier an neuem (bekannt)-unbekanntem Terrain erkunden oder besser r\u00fcckerinnern und wiedersehen werden d\u00fcrfen. Und nun tauchen wir von einer Welle in die n\u00e4chste, w\u00e4hrend uns im freien Fall nicht nur schwindelig sondern auch latent \u00fcbel sein kann, bevor wir uns in eine neue Welle werfen m\u00fcssen, sollen, d\u00fcrfen. Ein ums andere Mal reicher an Erkenntnissen, Erfahrungen, Bewusstsein und leichter an Altlasten und mitgeschleppten Erinnerungen, die wir regelrecht aus uns herausk\u2026..tzen. So schnell in aufeinanderfolgenden Stakkatos, dass wir mit dem Atmen kaum mitkommen. Und es wird noch weiter ansteigen. Allerdings werden wir aber auch von einer Parabel zur n\u00e4chsten klarer und diesem inneren Durchr\u00fctteln gegen\u00fcber stabiler. Und zwar je mehr sich unsere Energie der hereinkommenden Energiewelle angleicht. Diese tr\u00e4gt uns schrittweise (mittlerweile mit Riesenschritten) hinauf oder hinein (um es linear auszudr\u00fccken) in feinere und lichtere Frequenzen. Ein Ausdehnen des inneren Lichts, das einem Herausheben aus der dreidimensionalen Schwere entspricht.<\/p>\n\n\n\n<p>Widerstand kann nun deutlich mehr Reibung und Konfliktpotential bringen. Was sich auch k\u00f6rperlich in entz\u00fcndlichen Prozessen \u00e4u\u00dfern kann. Wir tun also gut daran, alles was sich unangenehm und schwer anf\u00fchlt, sofort zu hinterfragen und n\u00f6tigenfalls auszusortieren. Das ist nichts Schicksalhaftes, sondern grunds\u00e4tzlich f\u00f6rderlich dem eigenen Bewusstwerdungsprozess. Was sich einem Zusammenziehen \u00e4hnlich anf\u00fchlen kann, weil es uns innerlich alles Alte regelrecht aus den Zellspeicherungen quetscht, ist im Grunde nichts anderes als ein riesengro\u00dfer Befreiungs-Anhebungs-Reinigungsproze\u00df. Wenn der letzte Schmodder raus ist, sind wir wieder in der Lage Neues aufzunehmen und die klare, saubere Luft der h\u00f6heren Frequenzen zu \u201eatmen\u201c. Wenn du sauberes Wasser in einen dreckigen Eimer sch\u00fcttest, ist auch dieses kontaminiert. Mit Sache mit dem Deckel oben drauf funktioniert halt nicht mehr. Denn der Schmutz stinkt schon zu stark \u2013 vor allem in den Ebenen, die uns viele Jahrhunderte versuchten zu dressieren wie die Zirkuspferde. Der Fisch beginnt ja auch bekanntlich immer am Kopf zu stinken und das wird jetzt deutlicher denn je in den n\u00e4chsten Wochen und Monaten ersichtlich.<\/p>\n\n\n\n<p>Seien wir aufmerksam, mit was und wem wir uns umgeben, denn jede Energie, die niedrig schwingt, kostet uns kostbare Kraft, die wir gerade jetzt aber dringend brauchen. Dabei geht es um jede Art des Seins und der Lebensart. Es geht um das Thema Ern\u00e4hrung ebenso, wie um Freundschaften, Beziehugen, Beruf, Berufung, Spirituelles. Um alles also, mit was wir uns im t\u00e4glichen Leben besch\u00e4ftigen und umgeben. Nichts ist weniger wichtig, denn alles kann uns entweder erheben oder runterdr\u00fccken und genau Letzteres k\u00f6nnen wir uns immer weniger leisten, wenn wir gut durch die Energiewellen kommen wollen.<\/p>\n\n\n\n<p>Grunds\u00e4tzlich haben wir alles im Gep\u00e4ck, was wir brauchen und zwar direkt in uns selbst. Es geht um ein mehr an Vertrauen und weniger Zweifeln, ein mehr an Mut und weniger Angst und unseren Fokus auf die Dinge zu richten, die wir guten Gewissens vertreten k\u00f6nnen und auch vermehren wollen.<\/p>\n\n\n\n<p>Es werden sich nun, wenn es das nicht schon getan hat, viele alte Gewohnheiten immer f\u00fchlbarer und klarer verabschieden. Alte langj\u00e4hrige Freunde gehen, w\u00e4hrend neue direkt vor unseren F\u00fc\u00dfen in einer nie geahnten Serie von Synchronizit\u00e4ten landen. Das kann sich Mensch nicht ausdenken und ist von g\u00f6ttlicher Seite zu hunderprozent orchestriert. Es f\u00e4llt uns nichts mehr \u201ezu\u201c, denn es geht im Gegensatz dazu alles \u201eAUF\u201c, was wir vielleicht schon vor langer Zeit einmal ertr\u00e4umt oder ersehnt hatten. Doch war die Zeit damals halt einach noch nicht reif daf\u00fcr. Oder wir waren es nicht. Denn was n\u00fctzt ein Geschenk, das wir noch nicht einmal als ein solches h\u00e4tten erkennen k\u00f6nnen.<\/p>\n\n\n\n<p>Nach vielen H\u00f6hen und Tiefen und dem Dauerschleifen unseres inneren Diamanten, sind wir erst wirklich in der Lage, die wahre Natur der Dinge und Erfahrungen als weise Erkenntnisse zu verinnerlichen. Aus diesen heraus die gro\u00dfe Verantwortung unserer Aufgabenstellungen, erst wirklich gesehen und dem\u00fctig angenommen, wie auch \u00fcbernommen werden kann.<\/p>\n\n\n\n<p>Ein Pfad des Lebens unter vielen Anderen, der sich am Gipfel mit den anderen verbindet und vereinigt, um daraus eine gro\u00dfe und wunderbar lichtvolle Menschenfamilie zu schmieden.<\/p>\n\n\n\n<p>Alles Liebe<\/p>\n\n\n\n<p>euer Seelenschmetterling<\/p>\n","protected":false},"excerpt":{"rendered":"<p>Monika Hagn Was f\u00fcr unbeschreiblich intensive Energien uns wieder seit einigen Stunden erreichen und alles nicht nur durcheinanderwirbeln, wie wir es ja schon seit l\u00e4ngerem [&hellip;] <span class=\"read-more-link\"><a class=\"read-more\" href=\"http:\/\/neue-zeit-magazin.de\/?p=2644\">Read More<\/a><\/span><\/p>\n","protected":false},"author":2,"featured_media":2647,"comment_status":"closed","ping_status":"closed","sticky":false,"template":"","format":"standard","meta":{"footnotes":""},"categories":[2],"tags":[],"class_list":["post-2644","post","type-post","status-publish","format-standard","has-post-thumbnail","hentry","category-aktuelles"],"_links":{"self":[{"href":"http:\/\/neue-zeit-magazin.de\/index.php?rest_route=\/wp\/v2\/posts\/2644","targetHints":{"allow":["GET"]}}],"collection":[{"href":"http:\/\/neue-zeit-magazin.de\/index.php?rest_route=\/wp\/v2\/posts"}],"about":[{"href":"http:\/\/neue-zeit-magazin.de\/index.php?rest_route=\/wp\/v2\/types\/post"}],"author":[{"embeddable":true,"href":"http:\/\/neue-zeit-magazin.de\/index.php?rest_route=\/wp\/v2\/users\/2"}],"replies":[{"embeddable":true,"href":"http:\/\/neue-zeit-magazin.de\/index.php?rest_route=%2Fwp%2Fv2%2Fcomments&post=2644"}],"version-history":[{"count":1,"href":"http:\/\/neue-zeit-magazin.de\/index.php?rest_route=\/wp\/v2\/posts\/2644\/revisions"}],"predecessor-version":[{"id":2646,"href":"http:\/\/neue-zeit-magazin.de\/index.php?rest_route=\/wp\/v2\/posts\/2644\/revisions\/2646"}],"wp:featuredmedia":[{"embeddable":true,"href":"http:\/\/neue-zeit-magazin.de\/index.php?rest_route=\/wp\/v2\/media\/2647"}],"wp:attachment":[{"href":"http:\/\/neue-zeit-magazin.de\/index.php?rest_route=%2Fwp%2Fv2%2Fmedia&parent=2644"}],"wp:term":[{"taxonomy":"category","embeddable":true,"href":"http:\/\/neue-zeit-magazin.de\/index.php?rest_route=%2Fwp%2Fv2%2Fcategories&post=2644"},{"taxonomy":"post_tag","embeddable":true,"href":"http:\/\/neue-zeit-magazin.de\/index.php?rest_route=%2Fwp%2Fv2%2Ftags&post=2644"}],"curies":[{"name":"wp","href":"https:\/\/api.w.org\/{rel}","templated":true}]}}