{"id":2590,"date":"2024-09-02T11:42:15","date_gmt":"2024-09-02T10:42:15","guid":{"rendered":"http:\/\/neue-zeit-magazin.de\/?p=2590"},"modified":"2024-09-02T11:42:15","modified_gmt":"2024-09-02T10:42:15","slug":"der-wind-hat-gewaltig-gedreht","status":"publish","type":"post","link":"http:\/\/neue-zeit-magazin.de\/?p=2590","title":{"rendered":"Der Wind hat gewaltig\u00a0gedreht"},"content":{"rendered":"\n<h2 class=\"wp-block-heading\">Monika Hagn<\/h2>\n\n\n\n<p>Wie ich schon vor ein paar Tagen in einer Audio erw\u00e4hnte, war pl\u00f6tzlich w\u00e4hrend eines Spaziergangs die \u201eNachricht\u201c da \u201eDER WIND HAT GEDREHT\u201c \u2026.<\/p>\n\n\n\n<p>Ich sp\u00fcr&#8217;s selbst in jeder Faser meines Seins, dass sich die Dinge vollkommen ver\u00e4ndert haben. Ganz egal wie schnell und spontan sich sowieso schon die Ereigniskette seit ca. Februar dieses Jahres begonnen hat zu drehen, es gab nun zu Anfang September eine weitere, wenn nicht sogar die entscheidende Drehbewegung. F\u00fcr mich mutet es wie ein grandioser Zeitliniensprung an, der einfach alles, wirklich alles gedreht hat, schneller, pl\u00f6tzlicher und unerwarteter.<\/p>\n\n\n\n<p>War es nicht so, dass vor kurzem noch bekannte Medien von einem Gro\u00dfereignis Ende August, ausgel\u00f6st von Mutter Erde, gesprochen haben? Auch wir haben eine Aufstellung dar\u00fcber gemacht und sind zu dem gleichen Ergebnis gekommen. Mittlerweile jedoch ist gef\u00fchlt irgendwie dort komplett die Luft raus. Neutrale Energie, kein Erf\u00fchlen von solcherlei Herausforderungen. Auch in und von den alternativen \u201eMedien\u201c-Berichten ist nichts mehr davon zu h\u00f6ren, im Gegenteil. Sogar die Rischis der bekannten Palmblattlesungen bekunden eine positive und weiter anhaltende lichtvolle Richtigung, auf der wir nun unterwegs sind.<\/p>\n\n\n\n<p><strong>Was ist also geschehen?<\/strong><\/p>\n\n\n\n<p>Ich sp\u00fcre mich ins Feld hinein und bekomme eindeutig das Gef\u00fchl eines gigantischen Zeitliniensprungs. M\u00f6glich gemacht durch schneller voranschreitende Aus- und Entwicklungen des Kollektivs. Es wird alles zum einen lichtdurchfluteter, schneller, klarer und leichter, zum anderen r\u00fctteliger und abgrenzender. Ich bekam dabei ein Bild, wie die einen sich auf einem Wackelbrett (das Wackelbrett hatte ich im Fr\u00fchjahr schon einmal in einem Blog erw\u00e4hnt) im aufsteigenden Modus nach oben hin absto\u00dfen, w\u00e4hrend eine riesige Schubkraft im R\u00fccken sie bei diesem Sprung unterst\u00fctzt. Die anderen k\u00f6nnen sich nicht zu diesem Sprung entscheiden, drehen weiter in die gegens\u00e4tzliche Richtung und werden sozusagen bildlich gesprochen vom Brett ger\u00fcttelt. Was nicht hei\u00dft, dass sie weg oder verloren sind. Nein, sie gehen einfach den Weg einer neuen Erfahrungsebene, um sich dann eines Tages erneut aufs Wackelbrett der Entscheidung zu begeben.<\/p>\n\n\n\n<p>Es ist wie ein schnelleres Abtrennen der Welten voneinander, was auch die sehr stark zunehmenden geerdeten, zuversichtlichen und durchaus gl\u00fccklicheren Basisgef\u00fchle erkl\u00e4ren kann. W\u00e4hrend die Welt im Au\u00dfen sich immer chaotischer zeigt, wir aber dies paradoxerweise gar nicht als solches wirklich wahrnehmen. Wenngleich wir sehen was geschieht. Eine Art g\u00f6ttliche Dichotomie, wenn man es so nennen m\u00f6chte. Wir sind immer klarer und sichtbarer, f\u00fchlbarer mit unserem Sein in 5 D und dennoch mit einem Fu\u00df noch im alten System.<\/p>\n\n\n\n<p><strong>Was ist 5 D eigentlich?<\/strong><\/p>\n\n\n\n<p>5 D ist f\u00fcr mich kein Raum, den wir betreten oder verlassen. Zu dem wir uns hinbegeben m\u00fcssen. Es ist eine Frequenz, die bereits in uns selbst schon immer existiert, aber von uns der Zugang encodiert, freigelegt oder besser gesagt, r\u00fcckerinnert werden darf. Der im Laufe der Freigabe von Altlasten seine T\u00fcren f\u00fcr uns immer weiter \u00f6ffnet. Je freier und leichter wir werden, je weniger \u201eGep\u00e4ck\u201c wir mitschleppen m\u00fcssen, umso feiner und lichter wird die Energie unseres \u201eFeldes\u201c. Wir k\u00f6nnen uns dann inmitten des gr\u00f6\u00dften Chaos bewegen und trotzdem gl\u00fccklich f\u00fchlen. Somit sind wir bereits im Raum und in der Frequenz einer h\u00f6heren Schwingung oder Ausdehnung (5 D oder h\u00f6her).<\/p>\n\n\n\n<p>Wir befinden uns somit in einem ge\u00f6ffneteren Bewusstseinszustand, der Herz\u00f6ffnung, gl\u00fccklichere Gef\u00fchle, Harmonie, Gelassenheit und auch einen freieren, leichteren Weg mit sich bringt. Es \u201eflowt\u201c sozusagen immer mehr, je deutlicher wir in neue Ebenen des \u201eSeins\u201c eintreten. Oder anders gesagt, wir wechseln die Zeitebenen. Synchronizit\u00e4ten nehmen mit steigender Frequenz zu und lassen die Dinge in einem v\u00f6llig anderen Licht erscheinen.<\/p>\n\n\n\n<p>F\u00fcr mich steht das Gef\u00fchl von \u201eetwas Gro\u00dfes kommt auf uns zu\u201c bereits sehr deutlich im Raum. Und eigenartigerweise scheint von der geistigen Ebene keine Information dazu hereinkommen zu wollen. Ich bekomme nichts dazu und mir wurde das aus meinem Umfeld auch schon best\u00e4tigt. Dann lassen wir es mal flie\u00dfen, denn eines ist klar, es bringt uns nur das Allerbeste. Der Absprung ist geschafft und was sich jetzt auftut, wird einfach unbeschreiblich. Denn im wahrsten Sinne des Wortes kann der Verstand nicht beschreiben, was kommt, weil wir es noch nicht bewusst \u201eerinnern\u201c. Eine g\u00f6ttliche Intervention, die dann f\u00fcr uns alle erkennbar ist, wenn sie eintritt. Nicht vorher und nicht nachher. Doch dass sie kommt, ist mir niemals klarer gewesen als jetzt.<\/p>\n\n\n\n<p>Und darauf d\u00fcrfen wir uns freuen, w\u00e4hrend wir voller Freude das Leben im JETZT auskosten und dadurch die Schwingung min\u00fctlich weiter erh\u00f6hen.<\/p>\n\n\n\n<p>Es wird geschehen, was uns allen dienlich ist im v\u00f6lligen Vertrauen auf die g\u00f6ttliche allumfassende Liebe, die wir alle sind.<\/p>\n\n\n\n<p>Von Herz zu Herz<\/p>\n\n\n\n<p>der Seelenschmetterling<\/p>\n\n\n\n<p><a href=\"https:\/\/t.me\/lightinfochannel\"><strong>https:\/\/t.me\/lightinfochannel<\/strong><\/a><\/p>\n","protected":false},"excerpt":{"rendered":"<p>Monika Hagn Wie ich schon vor ein paar Tagen in einer Audio erw\u00e4hnte, war pl\u00f6tzlich w\u00e4hrend eines Spaziergangs die \u201eNachricht\u201c da \u201eDER WIND HAT GEDREHT\u201c [&hellip;] <span class=\"read-more-link\"><a class=\"read-more\" href=\"http:\/\/neue-zeit-magazin.de\/?p=2590\">Read More<\/a><\/span><\/p>\n","protected":false},"author":2,"featured_media":2593,"comment_status":"closed","ping_status":"closed","sticky":false,"template":"","format":"standard","meta":{"footnotes":""},"categories":[4],"tags":[],"class_list":["post-2590","post","type-post","status-publish","format-standard","has-post-thumbnail","hentry","category-bewusstsein"],"_links":{"self":[{"href":"http:\/\/neue-zeit-magazin.de\/index.php?rest_route=\/wp\/v2\/posts\/2590","targetHints":{"allow":["GET"]}}],"collection":[{"href":"http:\/\/neue-zeit-magazin.de\/index.php?rest_route=\/wp\/v2\/posts"}],"about":[{"href":"http:\/\/neue-zeit-magazin.de\/index.php?rest_route=\/wp\/v2\/types\/post"}],"author":[{"embeddable":true,"href":"http:\/\/neue-zeit-magazin.de\/index.php?rest_route=\/wp\/v2\/users\/2"}],"replies":[{"embeddable":true,"href":"http:\/\/neue-zeit-magazin.de\/index.php?rest_route=%2Fwp%2Fv2%2Fcomments&post=2590"}],"version-history":[{"count":2,"href":"http:\/\/neue-zeit-magazin.de\/index.php?rest_route=\/wp\/v2\/posts\/2590\/revisions"}],"predecessor-version":[{"id":2592,"href":"http:\/\/neue-zeit-magazin.de\/index.php?rest_route=\/wp\/v2\/posts\/2590\/revisions\/2592"}],"wp:featuredmedia":[{"embeddable":true,"href":"http:\/\/neue-zeit-magazin.de\/index.php?rest_route=\/wp\/v2\/media\/2593"}],"wp:attachment":[{"href":"http:\/\/neue-zeit-magazin.de\/index.php?rest_route=%2Fwp%2Fv2%2Fmedia&parent=2590"}],"wp:term":[{"taxonomy":"category","embeddable":true,"href":"http:\/\/neue-zeit-magazin.de\/index.php?rest_route=%2Fwp%2Fv2%2Fcategories&post=2590"},{"taxonomy":"post_tag","embeddable":true,"href":"http:\/\/neue-zeit-magazin.de\/index.php?rest_route=%2Fwp%2Fv2%2Ftags&post=2590"}],"curies":[{"name":"wp","href":"https:\/\/api.w.org\/{rel}","templated":true}]}}