{"id":2515,"date":"2023-11-08T10:18:43","date_gmt":"2023-11-08T08:18:43","guid":{"rendered":"http:\/\/neue-zeit-magazin.de\/?p=2515"},"modified":"2023-12-03T16:37:03","modified_gmt":"2023-12-03T14:37:03","slug":"der-energetische-koerper-teil-i","status":"publish","type":"post","link":"http:\/\/neue-zeit-magazin.de\/?p=2515","title":{"rendered":"Der energetische K\u00f6rper, Teil I"},"content":{"rendered":"\n<h2 class=\"wp-block-heading\">G\u00fcnther Wiechmann<\/h2>\n\n\n\n<p>Hier ist Uriel, das Licht Gottes<\/p>\n\n\n\n<p>Geliebtes Wesen, gern m\u00f6chte ich Dir helfen ein tieferes Verst\u00e4ndnis \u00fcber Dich Selbst zu erlangen. In der neuen Epoche der h\u00f6heren Frequenzen wird dieses Wissen Selbst-verst\u00e4ndlich sein, denn es werden die Grenzen fallen, die ein ganzheitliches, vollst\u00e4ndiges Bild \u00fcber den Menschen jetzt noch behindern. An anderer Stelle sprach ich bereits \u00fcber verschiedene Aspekte Deines Seins, \u00fcber die Seele und das Ego, \u00fcber den physischen und den fein-stofflichen K\u00f6rper, \u00fcber die Chakren und die Energetik, \u00fcber Glauben und Wissen, sowie \u00fcber die Bewusstseinsfelder und die Verbindung des Menschen mit der geistigen Welt. Jedes dieser Themen ist sowohl komplex als auch vielschichtig und stellt dennoch nur einen Teil Deines Seins dar. Es ist gleichg\u00fcltig, ob Du den Menschen bzw. Dein eigenes Wesen wissenschaftlich, biologisch, psychologisch, entwicklungsgeschichtlich, esoterisch, religi\u00f6s oder spirituell betrachtest, es bleibt immer eine an den Moment gebundene Ansicht.<br><\/p>\n\n\n\n<p>Du kannst weder mit dem Verstand, noch mit den Gef\u00fchlen allein Deine Vollst\u00e4ndigkeit wahrnehmen oder erkennen. Denn beides, Denken und F\u00fchlen, sind lediglich Funktionen des Bewusst-Seins. Das Denken beinhaltet die Interaktion vom physischen und dem mentalen K\u00f6rper und ist damit nicht auf das Gehirn beschr\u00e4nkt, wenn auch hier \u00fcberwiegend die dazugeh\u00f6rigen biochemischen und elektrischen Prozesse stattfinden. F\u00fchlen, Empfinden und Erahnen bezeichnen die vielschichtigen Prozesse, die \u00fcber eine Verbindung des emotionalen und des physischen K\u00f6rpers stattfinden. Hier wird besonders der \u00dcbergang vom Geistigen ins Stoffliche erkennbar, ein Prozess der materiellen Sch\u00f6pfung. Der fein stoffliche emotionale K\u00f6rper reagiert auf einen \u00e4u\u00dferen Einfluss, z.B. ein Ger\u00e4usch, ein Wort oder ein Bild. Dies bewirkt eine Reaktion des physischen K\u00f6rpers, der Botenstoffe und Hormone aussch\u00fcttet, die entsprechende Gef\u00fchle wie Angst oder Freude, Zorn oder Liebe bewirken.<br><\/p>\n\n\n\n<p>Doch es kann auch einen Ausl\u00f6ser aus dem mentalen K\u00f6rper in den emotionalen geben, so haben Deine Gedanken Auswirkungen auf Dein emotionales Befinden. So k\u00f6nnen z.B. aus der Furcht vor einer realen Gefahr auch diffuse Angst oder Panik, oder aus einer passenden Affirmation eine positive, harmonische innere Grundhaltung werden. Sowohl der emotionale, als auch der mentale K\u00f6rper, werden durch die gesammelten Erfahrungen gepr\u00e4gt. Es bilden sich Strukturen und individuelle Muster, die wie Filter wirken, wenn die Erfahrungen nicht verarbeitet oder aufgel\u00f6st werden. Diese Prozesse sind Euch im Prinzip bekannt, und so haben sich verschiedene Therapieformen mit psychosomatischem Ansatz daraus entwickelt. Doch ist das schon `ganzheitlich\u00b4, wie es so gern genannt wird?<br><\/p>\n\n\n\n<p>Unter dem Begriff `ganzheitlich\u00b4 wird Euch vieles verkauft, was oft nur wenig mehr als einen Aspekt des menschlichen Lebens umfasst. Gerade unter den `Aufgekl\u00e4rten\u00b4, `fortschrittlich Denkenden\u00b4 und `alternativ Lebenden\u00b4 unter Euch wird der Ausdruck `ganzheitlich\u00b4 oft vorschnell und geradezu inflation\u00e4r gebraucht. Bedeutet `ganzheitlich\u00b4 nicht eigentlich `vollst\u00e4ndig\u00b4, und sollten dann nicht alle Teile, alle Aspekte des menschlichen Wesens ber\u00fccksichtigt werden? Du bist im Kern ein spirituelles Wesen, das f\u00fcr einen begrenzten Zeitraum einen materiellen K\u00f6rper angenommen hat. Du besitzt neben dem physischen auch einen fein-stofflichen K\u00f6rper, welcher aus verschiedenen Schichten mit unterschiedlicher Dichte besteht. Alle K\u00f6rper sind energetisch \u00fcber die Chakren verbunden, diese sind f\u00fcr den Energiefluss als \u00dcberg\u00e4nge entscheidend. Die Energie flie\u00dft \u00fcber viele verschiedene Bahnen, die Nadis und die Meridiane. \u00dcber Nervenbahnen, Blutgef\u00e4\u00dfe, die Lymphe und \u00fcber Bewegung flie\u00dft Energie innerhalb des physischen K\u00f6rpers. Der Austausch von Energie ist auf jeder Ebene an jedem Prozess entscheidend. <br><\/p>\n\n\n\n<p>Jede St\u00f6rung des Energieflusses hat Auswirkungen auf mehrere Ebenen. Wenn die physische Ebene betroffen ist, nennt Ihr das Schmerz, Unwohlsein oder Krankheit, unabh\u00e4ngig davon, welche Ursache es hat, oder wo die Energie gestaut ist. Bewusstsein ist die Essenz allen Seins, einer jeden Form von Energie, und jeder Materie. Energie ist Bewusstsein in Bewegung. Jede Zelle Deines K\u00f6rpers ist Bewusstsein, ist Bewegung, ist Energie, die im permanenten Austausch mit allen Anderen steht. Wenn Deine Energie frei flie\u00dft, bist Du gesund! Heilen bedeutet den Fluss der Energie wiederherzustellen, und wirkliche Heilung umfasst alle Aspekte, alle Teile Deines Seins. Die Unterscheidung in psychische, physische und psychosomatische Krankheiten ist willk\u00fcrlich und wenig hilfreich, denn jede Erkrankung ist eine St\u00f6rung des Energieflusses, die lediglich zu sehr unterschiedlichen Symptomen f\u00fchren kann.<br><\/p>\n\n\n\n<p>Eine Hauptursache ist daf\u00fcr Angst, denn Angst bedeutet Enge! Wo sich Energie staut kommt es auf allen Ebenen zu `hei\u00dfen Symptomen\u00b4, wie z. B. k\u00f6rperlich zu Entz\u00fcndungen, emotional zu Ausbr\u00fcchen von Wut und mental zu Zwangsgedanken, geistiger Hyperaktivit\u00e4t und so zu Schlafst\u00f6rungen. Dort, wo durch eine Blockade ein Mangel an Energie herrscht, ist die Reaktion dem Mangel entsprechend. Auf der physischen Ebene K\u00e4lte, Kraftlosigkeit, M\u00fcdigkeit und Degeneration. Auf der emotionalen Ebene f\u00fchrt Energiemangel zur inneren Leere und zur Depression. Mentale Leere ist Ideenlosigkeit, Interessenlosigkeit, Sinn-mangel und fehlende Motivation. Die flie\u00dfende Energie, das Bewusstsein in Bewegung, ist f\u00fcr Dein k\u00f6rperliches Sein von elementarer Bedeutung, sie verbindet alle Systeme zu einer funktionellen Einheit. Wenn die Einheit aufgel\u00f6st wird, sich der Geist, die Seele vom K\u00f6rper trennt, stirbt der Mensch.<br><br>Somit geh\u00f6rt Selbst-verst\u00e4ndlich auch Dein spirituelles Sein dazu, wenn Du `ganzheitlich\u00b4 denkst, denn Deine Seele ist energetisch im st\u00e4ndigen Austausch mit ihrem Ursprung in der geistigen Welt. Erkenne, dass Du ein multidimensionales Wesen bist. Um dieses nicht nur zu glauben, sondern auch wahrzunehmen, hilft es Dir, Dich mehr mit Deinem energetischen K\u00f6rper zu identifizieren, und so Dein Bewusstsein zu erweitern. Schenke Deinen Energiezentren, Deinen Chakren die angemessene Aufmerksamkeit, denn sie sind die innere Verbindung, die Deine Ganzheit erst m\u00f6glich und erfahrbar machen.<\/p>\n\n\n\n<p>Ich segne Dich mit der bedingungslosen Liebe der Quelle allen Seins<\/p>\n\n\n\n<p>Ich bin Uriel<\/p>\n\n\n\n<p><br>Engelsprechstunde<br>Channeling &#8211; Beratungen &#8211; Seminare<br>G\u00fcnther Wiechmann<br><a href=\"http:\/\/www.guentherwiechmann.de\"><strong>www.guentherwiechmann.de<\/strong><\/a><br><a href=\"mailto:info@guentherwiechmann.de\"><strong>info@guentherwiechmann.de<\/strong><\/a><\/p>\n","protected":false},"excerpt":{"rendered":"<p>G\u00fcnther Wiechmann Hier ist Uriel, das Licht Gottes Geliebtes Wesen, gern m\u00f6chte ich Dir helfen ein tieferes Verst\u00e4ndnis \u00fcber Dich Selbst zu erlangen. In der [&hellip;] <span class=\"read-more-link\"><a class=\"read-more\" href=\"http:\/\/neue-zeit-magazin.de\/?p=2515\">Read More<\/a><\/span><\/p>\n","protected":false},"author":2,"featured_media":106,"comment_status":"closed","ping_status":"closed","sticky":false,"template":"","format":"standard","meta":{"footnotes":""},"categories":[4],"tags":[],"class_list":["post-2515","post","type-post","status-publish","format-standard","has-post-thumbnail","hentry","category-bewusstsein"],"_links":{"self":[{"href":"http:\/\/neue-zeit-magazin.de\/index.php?rest_route=\/wp\/v2\/posts\/2515","targetHints":{"allow":["GET"]}}],"collection":[{"href":"http:\/\/neue-zeit-magazin.de\/index.php?rest_route=\/wp\/v2\/posts"}],"about":[{"href":"http:\/\/neue-zeit-magazin.de\/index.php?rest_route=\/wp\/v2\/types\/post"}],"author":[{"embeddable":true,"href":"http:\/\/neue-zeit-magazin.de\/index.php?rest_route=\/wp\/v2\/users\/2"}],"replies":[{"embeddable":true,"href":"http:\/\/neue-zeit-magazin.de\/index.php?rest_route=%2Fwp%2Fv2%2Fcomments&post=2515"}],"version-history":[{"count":6,"href":"http:\/\/neue-zeit-magazin.de\/index.php?rest_route=\/wp\/v2\/posts\/2515\/revisions"}],"predecessor-version":[{"id":2546,"href":"http:\/\/neue-zeit-magazin.de\/index.php?rest_route=\/wp\/v2\/posts\/2515\/revisions\/2546"}],"wp:featuredmedia":[{"embeddable":true,"href":"http:\/\/neue-zeit-magazin.de\/index.php?rest_route=\/wp\/v2\/media\/106"}],"wp:attachment":[{"href":"http:\/\/neue-zeit-magazin.de\/index.php?rest_route=%2Fwp%2Fv2%2Fmedia&parent=2515"}],"wp:term":[{"taxonomy":"category","embeddable":true,"href":"http:\/\/neue-zeit-magazin.de\/index.php?rest_route=%2Fwp%2Fv2%2Fcategories&post=2515"},{"taxonomy":"post_tag","embeddable":true,"href":"http:\/\/neue-zeit-magazin.de\/index.php?rest_route=%2Fwp%2Fv2%2Ftags&post=2515"}],"curies":[{"name":"wp","href":"https:\/\/api.w.org\/{rel}","templated":true}]}}