{"id":1184,"date":"2019-08-07T14:57:18","date_gmt":"2019-08-07T12:57:18","guid":{"rendered":"http:\/\/neue-zeit-magazin.de\/?p=1184"},"modified":"2019-11-16T22:52:20","modified_gmt":"2019-11-16T20:52:20","slug":"channeling-erzengel-uriel-vom-06-08-2019","status":"publish","type":"post","link":"http:\/\/neue-zeit-magazin.de\/?p=1184","title":{"rendered":"ICH BIN"},"content":{"rendered":"\n<h2 class=\"wp-block-heading\">Channeling Erzengel Uriel vom 06.08.2019<\/h2>\n\n\n\n<p><strong>Hier ist Uriel, das Licht Gottes<\/strong> <\/p>\n\n\n\n<p>Geliebte Wesen, wer meine Botschaften schon geh\u00f6rt hat, kennt auch die Worte `ICH BIN\u00b4, mit denen ich jede Botschaft beende. Heute nun werde ich \u00fcber die Bedeutung dieser Worte sprechen, Worte, die Euch schon lange bekannt sind, doch deren tiefere Bedeutung noch f\u00fcr viele von Euch verborgen ist. Eure Sprache ist manchmal t\u00fcckisch, denn das `Ich\u00b4 wird meistens mit dem Ego gleichgesetzt. `ICH BIN\u00b4 meint jedoch etwas v\u00f6llig anderes. Wer die Worte `ICH BIN\u00b4 bewusst ausspricht, ist in die Verbindung mit seinem Seelengrund getreten. Mit dem `ICH BIN\u00b4 spricht das g\u00f6ttliche Bewusstsein. Als Sananda in seiner Inkarnation als Joshua sprach: \u201eICH BIN das Licht der Welt\u201c, war dies eine Offenbarung f\u00fcr die Menschheit; Gott ist mitten unter Euch, lebt in mir, und lebt in Euch.<\/p>\n\n\n\n<p>Immer, wenn Du `ICH BIN\u00b4 sprichst, offenbarst Du Teile Deiner Seele, und sprichst mit Ihr. Jede \u00c4u\u00dferung, die Du mit `ICH BIN\u00b4 beginnst, wirkt wie eine Affirmation und pr\u00e4gt Dein Leben. Solange es best\u00e4rkende, aufbauende Worte sind, k\u00f6nnen sie niemals falsch sein, auch wenn sie gerade in diesem Zeitpunkt nicht zu stimmen scheinen. \u201eIch bin kraftvoll und voll Liebe\u201c, mag z.B. vielleicht gerade nicht Dein gef\u00fchlter Zustand sein, doch ist es mit Sicherheit ein Attribut Deiner Seele! Wenn Du \u201eIch bin kraftvoll und voll Liebe\u201c aussprichst, wird dieser Aspekt in Dir gest\u00e4rkt, und sucht Resonanz und Ausdruck im Au\u00dfen.<\/p>\n\n\n\n<p>`ICH BIN\u00b4 bedeutet immer, dass die Seele in ihrem g\u00f6ttlichen Aspekt angesprochen wird, und so Sch\u00f6pferkraft entfaltet wird. So gilt noch immer: `Am Anfang war das Wort.\u00b4 Wenn Du nun sagst, ich bin m\u00fcde, ich bin krank, ich bin zu dumm oder \u00e4hnliches, wirkt dies nachhaltig negativ auf Dein Seelenleben. Bedenke immer, jeder mit ICH BIN begonnene Satz ist eine Affirmation. Wenn Du Dich krank oder m\u00fcde f\u00fchlst, dr\u00fccke es auch so aus, sage ich f\u00fchle mich m\u00fcde, ich f\u00fchle mich krank! Sage: Ich f\u00fchle mich gerade zu dumm f\u00fcr \u2026., auch ich komme mir dumm vor, doch sage niemals, ich bin dumm!<\/p>\n\n\n\n<p>\u00c4hnlich verh\u00e4lt es sich mit den Namen, die Ihr Euch gebt. Viele haben einen wundersch\u00f6nen Namen von Ihren Eltern bekommen, der genau richtig ist! Oftmals wird den werdenden Eltern der `richtige\u00b4Namen von der Seele des Kindes \u00fcbermittelt, und so wissen sie schon vor der Geburt, oder beim ersten Anblick, z. B. hier ist eine `Angela\u00b4- ein Engel, ein Bote Gottes. Wenn der Name `richtig\u00b4 ist, mit der Seele harmoniert, ist es z.B. absolut in Ordnung zu sagen: Ich bin Sharin, &#8211; die Gl\u00fcckliche.<\/p>\n\n\n\n<p>Doch eines gilt es zu beachten, dies ist Dein irdischer Name, den Du von Deinen Eltern erh\u00e4ltst, auch wenn er f\u00fcr Dich in Deinem irdischen Leben absolut passend scheint, kann er f\u00fcr Deine Seele als Beschr\u00e4nkung wirken. Wenn Du Dir dar\u00fcber unsicher bist, stelle Dich besser mit den Worte vor: Ich hei\u00dfe &#8230;!<\/p>\n\n\n\n<p>Ich bin \u00fcber meinen Namen auf ewig als Einheit mit dem Licht verbunden, auch wenn ich mich eurer Ebene n\u00e4here, denn meine Name `URIEL\u00b4 bedeutet das `Licht Gottes\u00b4. Auch Du, mein geliebtes Wesen, bist in Deinem wahren Sein g\u00f6ttliches Licht, wir sind im Kern gleich! Uns unterscheidet lediglich die Ebene der Schwingung und die Frequenzbreite unseres Bewusstseins. Dein irdischer Name dient Dir, um Dich auf Deiner Ebene zu stabilisieren. Dein Ursprungsname hingegen, der Deinen Ursprungsfrequenzen entspricht, verbindet Dich mit Deinem wahren Wesen. Um Dein Bewusstsein zu erweitern, meditiere \u00fcber: `ICH BIN LICHT\u00b4, dabei wird Deine Schwingung erh\u00f6ht, denn diese Worte erkennen und verbinden sich mit Deinem inneres Wesen, und jede Erkenntnis des eigenen Selbst ist ein Fortschritt f\u00fcr die Seele.<\/p>\n\n\n\n<p>Ihr lebt in einer herausfordernden Epoche der Menschheit, denn mit dem zunehmenden Licht wird nun auch der Widerstand der Gegenkr\u00e4fte wieder sichtbarer. Lass Dich davon nicht beirren, sondern bleibe mit Deinem Bewusstsein bei Dir. Mein liebes Licht, ich m\u00f6chte Dich hier ermutigen, Dich mit Deinem `ICH BIN\u00b4 intensiv zu besch\u00e4ftigen, denn diese einfachen Worte haben eine gro\u00dfe Kraft f\u00fcr Dich. Sie k\u00f6nnen Dir Heilung und Erf\u00fcllung auf jeder Ebene Deines Seins bescheren. Allein das lesen dieser Zeilen wird Deiner Seele, Deinem g\u00f6ttlichen Selbst helfen, sich in Deinem Tagesbewusstsein zu verankern. Jedes `ICH BIN\u00b4 st\u00e4rkt die Verbindung zum g\u00f6ttlichen Ganzen, und ist so ein Schritt zur\u00fcck in die Einheit.<\/p>\n\n\n\n<p>Die Blockaden, Dich als Licht zu erkennen, und Dich selbst zu lieben, wurden \u00fcber viele Inkarnationen aufgebaut und verdichtet. Sie sind Gedankengeb\u00e4ude, Urteile und Wertungen, aber auch Gel\u00f6bnisse und Bindungen durch Vertr\u00e4ge, Schw\u00fcre und Versprechen, die zu erkennen und zu l\u00f6sen es nun an der Zeit ist. Das ICH BIN-Bewusstsein wird vieles davon an die Oberfl\u00e4che bringen, damit es erkannt und abgel\u00f6st werden kann. Dabei gilt es zu verstehen, dass mit dem Gewahr-werden bereits die Heilung beginnt. Gern werde ich Dir zur Seite stehen auf dem Weg zu Deinem wahren Selbst, und bei dem Erkennen Deines g\u00f6ttlichen Wesens.<\/p>\n\n\n\n<p>Ich segne Dich mit der bedingungslosen Liebe der Quelle allen Seins.<\/p>\n\n\n\n<p><strong>Ich bin Uriel<\/strong><\/p>\n\n\n\n<p>Workshop `ICH BIN\u00b4                                                                                                                                                           19.10.- 20.10.2019 in Kellinghusen ( Schleswig Holstein )<br>16.11.- 17.11.2019 in Tuttlingen ( Schw\u00e4bische Alb )<br> Alle Infos, auch zum Ursprungsnamen auf: www.guentherwiechmann.de<br> &nbsp;<\/p>\n\n\n\n<p class=\"has-text-align-center\"><strong>G\u00fcnther Wiechmann<\/strong><\/p>\n\n\n\n<p class=\"has-text-align-center\"><strong>Gesundheits- und Pr\u00e4ventionspraxis<\/strong><\/p>\n\n\n\n<p class=\"has-text-align-center\"><strong>`Der Speicher\u00b4<\/strong><\/p>\n\n\n\n<p class=\"has-text-align-center\"><strong>Lindenstra\u00dfe 38a<\/strong><\/p>\n\n\n\n<p class=\"has-text-align-center\"><strong>25548 Kellinghusen<\/strong><\/p>\n\n\n\n<p class=\"has-text-align-center\"><a href=\"http:\/\/www.guentherwiechmann.de\/\">www.guentherwiechmann.de<\/a><\/p>\n\n\n\n<p class=\"has-text-align-center\"><a href=\"mailto:channel@guentherwiechmann.de\">channel@guentherwiechmann.de<\/a>&nbsp;<br><\/p>\n","protected":false},"excerpt":{"rendered":"<p>Channeling Erzengel Uriel vom 06.08.2019 Hier ist Uriel, das Licht Gottes Geliebte Wesen, wer meine Botschaften schon geh\u00f6rt hat, kennt auch die Worte `ICH BIN\u00b4, [&hellip;] <span class=\"read-more-link\"><a class=\"read-more\" href=\"http:\/\/neue-zeit-magazin.de\/?p=1184\">Read More<\/a><\/span><\/p>\n","protected":false},"author":2,"featured_media":106,"comment_status":"closed","ping_status":"closed","sticky":false,"template":"","format":"standard","meta":{"footnotes":""},"categories":[4],"tags":[],"class_list":["post-1184","post","type-post","status-publish","format-standard","has-post-thumbnail","hentry","category-bewusstsein"],"_links":{"self":[{"href":"http:\/\/neue-zeit-magazin.de\/index.php?rest_route=\/wp\/v2\/posts\/1184","targetHints":{"allow":["GET"]}}],"collection":[{"href":"http:\/\/neue-zeit-magazin.de\/index.php?rest_route=\/wp\/v2\/posts"}],"about":[{"href":"http:\/\/neue-zeit-magazin.de\/index.php?rest_route=\/wp\/v2\/types\/post"}],"author":[{"embeddable":true,"href":"http:\/\/neue-zeit-magazin.de\/index.php?rest_route=\/wp\/v2\/users\/2"}],"replies":[{"embeddable":true,"href":"http:\/\/neue-zeit-magazin.de\/index.php?rest_route=%2Fwp%2Fv2%2Fcomments&post=1184"}],"version-history":[{"count":6,"href":"http:\/\/neue-zeit-magazin.de\/index.php?rest_route=\/wp\/v2\/posts\/1184\/revisions"}],"predecessor-version":[{"id":1270,"href":"http:\/\/neue-zeit-magazin.de\/index.php?rest_route=\/wp\/v2\/posts\/1184\/revisions\/1270"}],"wp:featuredmedia":[{"embeddable":true,"href":"http:\/\/neue-zeit-magazin.de\/index.php?rest_route=\/wp\/v2\/media\/106"}],"wp:attachment":[{"href":"http:\/\/neue-zeit-magazin.de\/index.php?rest_route=%2Fwp%2Fv2%2Fmedia&parent=1184"}],"wp:term":[{"taxonomy":"category","embeddable":true,"href":"http:\/\/neue-zeit-magazin.de\/index.php?rest_route=%2Fwp%2Fv2%2Fcategories&post=1184"},{"taxonomy":"post_tag","embeddable":true,"href":"http:\/\/neue-zeit-magazin.de\/index.php?rest_route=%2Fwp%2Fv2%2Ftags&post=1184"}],"curies":[{"name":"wp","href":"https:\/\/api.w.org\/{rel}","templated":true}]}}